{"id":465,"date":"2017-03-16T13:42:32","date_gmt":"2017-03-16T12:42:32","guid":{"rendered":"http:\/\/koertke.de\/?p=465"},"modified":"2017-03-16T13:42:32","modified_gmt":"2017-03-16T12:42:32","slug":"wahlplakat-kirsten-luehmann-spd","status":"publish","type":"post","link":"https:\/\/koertke.de\/?p=465","title":{"rendered":"Wahlplakat Kirsten L\u00fchmann, SPD"},"content":{"rendered":"<div id=\"attachment_374\" style=\"width: 310px\" class=\"wp-caption alignleft\"><a  href=\"https:\/\/i0.wp.com\/koertke.de\/wp-content\/uploads\/2017\/02\/kerstin-l\u00fchmann-2.jpg?ssl=1\" data-rel=\"lightbox-gallery-0\" data-rl_title=\"\" data-rl_caption=\"\" title=\"\"><img aria-describedby=\"caption-attachment-374\" decoding=\"async\" loading=\"lazy\" class=\"size-medium wp-image-374\" src=\"https:\/\/i0.wp.com\/koertke.de\/wp-content\/uploads\/2017\/02\/kerstin-l\u00fchmann-2.jpg?resize=300%2C200&#038;ssl=1\" alt=\"\" width=\"300\" height=\"200\" data-recalc-dims=\"1\" \/><\/a><p id=\"caption-attachment-374\" class=\"wp-caption-text\">MdB Kirsten L\u00fchmann SPD<\/p><\/div>\n<p style=\"text-align: left;\">Kirsten L\u00fchmann, MdB, eine Idee f\u00fcr ein Wahlplakat. Die SPD vor Ort will auch die Kunst mehr unterst\u00fctzen. W\u00e4re toll, wenn so viele Kunsttherapeutische Angebote unterst\u00fctzt werden.<\/p>\n<p>&nbsp;<\/p>\n<p><!--more--><\/p>\n<p>Es ist schon eine tolle Sache, denn leider kostet alles doch immer wieder viel Geld.<\/p>\n<p>&nbsp;<\/p>\n","protected":false},"excerpt":{"rendered":"<p>Kirsten L\u00fchmann, MdB, eine Idee f\u00fcr ein Wahlplakat. Die SPD vor Ort will auch die Kunst mehr unterst\u00fctzen. W\u00e4re toll, wenn so viele Kunsttherapeutische Angebote [&#8230;]<\/p>\n","protected":false},"author":1,"featured_media":0,"comment_status":"open","ping_status":"open","sticky":false,"template":"","format":"standard","meta":{"footnotes":""},"categories":[1,4],"tags":[],"jetpack_sharing_enabled":true,"jetpack_featured_media_url":"","_links":{"self":[{"href":"https:\/\/koertke.de\/index.php?rest_route=\/wp\/v2\/posts\/465"}],"collection":[{"href":"https:\/\/koertke.de\/index.php?rest_route=\/wp\/v2\/posts"}],"about":[{"href":"https:\/\/koertke.de\/index.php?rest_route=\/wp\/v2\/types\/post"}],"author":[{"embeddable":true,"href":"https:\/\/koertke.de\/index.php?rest_route=\/wp\/v2\/users\/1"}],"replies":[{"embeddable":true,"href":"https:\/\/koertke.de\/index.php?rest_route=%2Fwp%2Fv2%2Fcomments&post=465"}],"version-history":[{"count":1,"href":"https:\/\/koertke.de\/index.php?rest_route=\/wp\/v2\/posts\/465\/revisions"}],"predecessor-version":[{"id":466,"href":"https:\/\/koertke.de\/index.php?rest_route=\/wp\/v2\/posts\/465\/revisions\/466"}],"wp:attachment":[{"href":"https:\/\/koertke.de\/index.php?rest_route=%2Fwp%2Fv2%2Fmedia&parent=465"}],"wp:term":[{"taxonomy":"category","embeddable":true,"href":"https:\/\/koertke.de\/index.php?rest_route=%2Fwp%2Fv2%2Fcategories&post=465"},{"taxonomy":"post_tag","embeddable":true,"href":"https:\/\/koertke.de\/index.php?rest_route=%2Fwp%2Fv2%2Ftags&post=465"}],"curies":[{"name":"wp","href":"https:\/\/api.w.org\/{rel}","templated":true}]}}