{"id":381,"date":"2017-02-17T02:06:23","date_gmt":"2017-02-17T01:06:23","guid":{"rendered":"http:\/\/koertke.de\/?p=381"},"modified":"2017-02-17T02:06:23","modified_gmt":"2017-02-17T01:06:23","slug":"blueten-digital","status":"publish","type":"post","link":"https:\/\/koertke.de\/?p=381","title":{"rendered":"Bl\u00fcten digital"},"content":{"rendered":"<h1>Digital malen<\/h1>\n<div id=\"attachment_382\" style=\"width: 289px\" class=\"wp-caption alignleft\"><a  href=\"https:\/\/i0.wp.com\/koertke.de\/wp-content\/uploads\/2017\/02\/IMG_0561.jpg?ssl=1\" data-rel=\"lightbox-gallery-0\" data-rl_title=\"\" data-rl_caption=\"\" title=\"\"><img aria-describedby=\"caption-attachment-382\" decoding=\"async\" loading=\"lazy\" class=\"size-medium wp-image-382\" src=\"https:\/\/i0.wp.com\/koertke.de\/wp-content\/uploads\/2017\/02\/IMG_0561-279x300.jpg?resize=279%2C300&#038;ssl=1\" alt=\"Abstrakte Bl\u00fcten, digital gemalt\" width=\"279\" height=\"300\" data-recalc-dims=\"1\" \/><\/a><p id=\"caption-attachment-382\" class=\"wp-caption-text\">Abstrakte Bl\u00fcten, digital gemalt<\/p><\/div>\n<p>Es macht auch Spa\u00df das iPad zu nutzen um Ideen einen Raum zu geben. Es funktioniert mit guten Programmen zusammen mit einem Zeichenstift sehr gut.<\/p>\n<p>Es ist kein Ersatz f\u00fcr das Gef\u00fchl echte Farbe zu riechen, die Leinwand zu f\u00fchlen, den Pinsel zu f\u00fchren.<\/p>\n<p>Mit dem malen kann ich sehr gut entspannen, meinen Gedanken die\u00a0Freiheit geben und meine Fantasie lebendig werden zu lassen.<\/p>\n<p>Wer das mit erleben m\u00f6chte, schaut einfach mal im offen Atelier vorbei oder kommt auch zum ersten Painting on the evening am 28.2 ab 19:00 Uhr in die Vinothek Folkert Frels.<\/p>\n<div id=\"attachment_383\" style=\"width: 289px\" class=\"wp-caption alignleft\"><a  href=\"https:\/\/i0.wp.com\/koertke.de\/wp-content\/uploads\/2017\/02\/IMG_0564.jpg?ssl=1\" data-rel=\"lightbox-gallery-0\" data-rl_title=\"\" data-rl_caption=\"\" title=\"\"><img aria-describedby=\"caption-attachment-383\" decoding=\"async\" loading=\"lazy\" class=\"size-medium wp-image-383\" src=\"https:\/\/i0.wp.com\/koertke.de\/wp-content\/uploads\/2017\/02\/IMG_0564-279x300.jpg?resize=279%2C300&#038;ssl=1\" alt=\"Der Blumenstrau\u00df ist ein Gedanke. Diesen Gedanken habe ich mit dem Tablett skizziert.\" width=\"279\" height=\"300\" data-recalc-dims=\"1\" \/><\/a><p id=\"caption-attachment-383\" class=\"wp-caption-text\">Der Blumenstrau\u00df ist ein Gedanke. Diesen Gedanken habe ich mit dem Tablett skizziert.<\/p><\/div>\n<p>Ich freu mich auf euch und zusammen Spa\u00df haben und unsere Kreativit\u00e4t lebendig werden zu lassen.<\/p>\n<p>&nbsp;<\/p>\n","protected":false},"excerpt":{"rendered":"<p>Digital malen Es macht auch Spa\u00df das iPad zu nutzen um Ideen einen Raum zu geben. Es funktioniert mit guten Programmen zusammen mit einem Zeichenstift [&#8230;]<\/p>\n","protected":false},"author":1,"featured_media":0,"comment_status":"open","ping_status":"open","sticky":false,"template":"","format":"standard","meta":{"footnotes":""},"categories":[3,4],"tags":[],"jetpack_sharing_enabled":true,"jetpack_featured_media_url":"","_links":{"self":[{"href":"https:\/\/koertke.de\/index.php?rest_route=\/wp\/v2\/posts\/381"}],"collection":[{"href":"https:\/\/koertke.de\/index.php?rest_route=\/wp\/v2\/posts"}],"about":[{"href":"https:\/\/koertke.de\/index.php?rest_route=\/wp\/v2\/types\/post"}],"author":[{"embeddable":true,"href":"https:\/\/koertke.de\/index.php?rest_route=\/wp\/v2\/users\/1"}],"replies":[{"embeddable":true,"href":"https:\/\/koertke.de\/index.php?rest_route=%2Fwp%2Fv2%2Fcomments&post=381"}],"version-history":[{"count":1,"href":"https:\/\/koertke.de\/index.php?rest_route=\/wp\/v2\/posts\/381\/revisions"}],"predecessor-version":[{"id":384,"href":"https:\/\/koertke.de\/index.php?rest_route=\/wp\/v2\/posts\/381\/revisions\/384"}],"wp:attachment":[{"href":"https:\/\/koertke.de\/index.php?rest_route=%2Fwp%2Fv2%2Fmedia&parent=381"}],"wp:term":[{"taxonomy":"category","embeddable":true,"href":"https:\/\/koertke.de\/index.php?rest_route=%2Fwp%2Fv2%2Fcategories&post=381"},{"taxonomy":"post_tag","embeddable":true,"href":"https:\/\/koertke.de\/index.php?rest_route=%2Fwp%2Fv2%2Ftags&post=381"}],"curies":[{"name":"wp","href":"https:\/\/api.w.org\/{rel}","templated":true}]}}