{"id":320,"date":"2017-01-14T20:09:09","date_gmt":"2017-01-14T19:09:09","guid":{"rendered":"http:\/\/koertke.de\/?p=320"},"modified":"2018-08-29T13:10:25","modified_gmt":"2018-08-29T11:10:25","slug":"die-uhr-knall-uhr","status":"publish","type":"post","link":"https:\/\/koertke.de\/?p=320","title":{"rendered":"Die U(h)r Knall Uhr"},"content":{"rendered":"<p>Effektvolle Uhr mit schleichendem Uhrwerk, das Universum mit kleinen LED-L\u00e4mpchen. Ein- und Ausschalter voren, oben links, Batterie 3 x AA<\/p>\n<p>Gr\u00f6\u00dfe 40 x 40 cm, Acryl auf Leinwand<\/p>\n<p>Preis 125,00 \u20ac zzgl. Versand<\/p>\n","protected":false},"excerpt":{"rendered":"<p>Effektvolle Uhr mit schleichendem Uhrwerk, das Universum mit kleinen LED-L\u00e4mpchen. Ein- und Ausschalter voren, oben links, Batterie 3 x AA Gr\u00f6\u00dfe 40 x 40 cm, [&#8230;]<\/p>\n","protected":false},"author":1,"featured_media":321,"comment_status":"open","ping_status":"open","sticky":false,"template":"","format":"standard","meta":{"footnotes":""},"categories":[24],"tags":[20,46,48,44,45,47],"jetpack_sharing_enabled":true,"jetpack_featured_media_url":"https:\/\/i0.wp.com\/koertke.de\/wp-content\/uploads\/2017\/01\/UhrKnall-Uhr.jpg?fit=1496%2C1512&ssl=1","_links":{"self":[{"href":"https:\/\/koertke.de\/index.php?rest_route=\/wp\/v2\/posts\/320"}],"collection":[{"href":"https:\/\/koertke.de\/index.php?rest_route=\/wp\/v2\/posts"}],"about":[{"href":"https:\/\/koertke.de\/index.php?rest_route=\/wp\/v2\/types\/post"}],"author":[{"embeddable":true,"href":"https:\/\/koertke.de\/index.php?rest_route=\/wp\/v2\/users\/1"}],"replies":[{"embeddable":true,"href":"https:\/\/koertke.de\/index.php?rest_route=%2Fwp%2Fv2%2Fcomments&post=320"}],"version-history":[{"count":3,"href":"https:\/\/koertke.de\/index.php?rest_route=\/wp\/v2\/posts\/320\/revisions"}],"predecessor-version":[{"id":902,"href":"https:\/\/koertke.de\/index.php?rest_route=\/wp\/v2\/posts\/320\/revisions\/902"}],"wp:featuredmedia":[{"embeddable":true,"href":"https:\/\/koertke.de\/index.php?rest_route=\/wp\/v2\/media\/321"}],"wp:attachment":[{"href":"https:\/\/koertke.de\/index.php?rest_route=%2Fwp%2Fv2%2Fmedia&parent=320"}],"wp:term":[{"taxonomy":"category","embeddable":true,"href":"https:\/\/koertke.de\/index.php?rest_route=%2Fwp%2Fv2%2Fcategories&post=320"},{"taxonomy":"post_tag","embeddable":true,"href":"https:\/\/koertke.de\/index.php?rest_route=%2Fwp%2Fv2%2Ftags&post=320"}],"curies":[{"name":"wp","href":"https:\/\/api.w.org\/{rel}","templated":true}]}}