{"id":15285,"date":"2023-09-17T09:51:43","date_gmt":"2023-09-17T07:51:43","guid":{"rendered":"https:\/\/koertke.de\/?p=15285"},"modified":"2023-09-18T09:12:27","modified_gmt":"2023-09-18T07:12:27","slug":"tagestreff-treff-am-koe","status":"publish","type":"post","link":"https:\/\/koertke.de\/?p=15285","title":{"rendered":"Tagestreff \u201eTreff am K\u00f6\u201c"},"content":{"rendered":"\n<p><br>Der Treff am K\u00f6 ist ein Tagestreff f\u00fcr Senioren in Uelzen. Er wurde 2015 im Rahmen eines Quartierskonzeptes er\u00f6ffnet und wird von der Heiligen-Geist-Stiftung betrieben. Der Treff bietet Senioren verschiedene Angebote, um sich zu treffen, zu besch\u00e4ftigen und zu informieren.<\/p>\n\n\n\n<figure class=\"wp-block-image size-large is-resized\"><img decoding=\"async\" loading=\"lazy\" src=\"https:\/\/i0.wp.com\/koertke.de\/wp-content\/uploads\/2023\/09\/IMG_20230917_103557.jpg?resize=831%2C468&#038;ssl=1\" alt=\"Ansicht &quot;Treff am K\u00f6&quot;\" class=\"wp-image-15293\" style=\"width:831px;height:468px\" width=\"831\" height=\"468\" srcset=\"https:\/\/i0.wp.com\/koertke.de\/wp-content\/uploads\/2023\/09\/IMG_20230917_103557-scaled.jpg?resize=1024%2C577&amp;ssl=1 1024w, https:\/\/i0.wp.com\/koertke.de\/wp-content\/uploads\/2023\/09\/IMG_20230917_103557-scaled.jpg?resize=300%2C169&amp;ssl=1 300w, https:\/\/i0.wp.com\/koertke.de\/wp-content\/uploads\/2023\/09\/IMG_20230917_103557-scaled.jpg?resize=768%2C432&amp;ssl=1 768w, https:\/\/i0.wp.com\/koertke.de\/wp-content\/uploads\/2023\/09\/IMG_20230917_103557-scaled.jpg?resize=1536%2C865&amp;ssl=1 1536w, https:\/\/i0.wp.com\/koertke.de\/wp-content\/uploads\/2023\/09\/IMG_20230917_103557-scaled.jpg?resize=2048%2C1153&amp;ssl=1 2048w, https:\/\/i0.wp.com\/koertke.de\/wp-content\/uploads\/2023\/09\/IMG_20230917_103557-scaled.jpg?resize=600%2C338&amp;ssl=1 600w, https:\/\/i0.wp.com\/koertke.de\/wp-content\/uploads\/2023\/09\/IMG_20230917_103557-scaled.jpg?w=1720&amp;ssl=1 1720w\" sizes=\"(max-width: 831px) 100vw, 831px\" data-recalc-dims=\"1\" \/><figcaption class=\"wp-element-caption\">Ansicht &#8220;Treff am K\u00f6&#8221;<\/figcaption><\/figure>\n\n\n\n<p>Angebote<\/p>\n\n\n\n<ul>\n<li>Bingo\/Kreativwerkstatt:&nbsp;In der Bingo- und Kreativwerkstatt k\u00f6nnen Senioren Bingo spielen oder sich kreativ bet\u00e4tigen.<\/li>\n\n\n\n<li>Mittagstisch:&nbsp;Der Treff bietet Mittwochs und Freitags einen Mittagstisch an f\u00fcr 4,50\u20ac, beim jeder Satt wird.<\/li>\n\n\n\n<li>Spielenachmittag:&nbsp;An einem Nachmittag pro Woche findet ein Spielenachmittag statt.<\/li>\n\n\n\n<li>Kaffeerunde:&nbsp;An einem Nachmittag pro Woche, in der Regel Freitags von 14:00 bis 16:00 Uhr, findet eine Kaffee- und Kl\u00f6nrunde statt. Wir bieten an diesem Nachmittag Kaffee und Kuchen satt an f\u00fcr 5,00\u20ac<\/li>\n\n\n\n<li>Jeden Mittwoch von 14:00 \u2013 17:00 Uhr ein offenes Ohr mit Frau Rilana Schwed-Kitzki<\/li>\n<\/ul>\n\n\n\n<p>Kontakt: 0581-97120303 oder Mobil: 0151-11197177<\/p>\n\n\n\n<p>Treff am K\u00f6, Emsberg 2, 29525 Uelzen<\/p>\n\n\n\n<p>\u00d6ffnungszeiten<br>Montag bis Freitag: 9:00 bis 17:00 Uhr<\/p>\n\n\n\n<p>Barrierefreiheit<br>Der Treff am K\u00f6 ist barrierefrei zug\u00e4nglich.<\/p>\n\n\n\n<p>Fahrdienst<br>F\u00fcr Senioren, die nicht selbst zum Treff kommen k\u00f6nnen, gibt es einen Fahrdienst.<\/p>\n\n\n\n<p>Mitgliedschaft im Deutschen Seniorenring<br>Der Treff am K\u00f6 ist Mitglied im Deutschen Seniorenring.<\/p>\n","protected":false},"excerpt":{"rendered":"<p>Der Treff am K\u00f6 ist ein Tagestreff f\u00fcr Senioren in Uelzen. Er wurde 2015 im Rahmen eines Quartierskonzeptes er\u00f6ffnet und wird von der Heiligen-Geist-Stiftung betrieben. [&#8230;]<\/p>\n","protected":false},"author":1,"featured_media":15395,"comment_status":"open","ping_status":"closed","sticky":false,"template":"","format":"standard","meta":{"footnotes":""},"categories":[528],"tags":[16,557,196,19,558,559,28],"jetpack_sharing_enabled":true,"jetpack_featured_media_url":"https:\/\/i0.wp.com\/koertke.de\/wp-content\/uploads\/2023\/09\/IMG_20230918_085056-scaled.jpg?fit=2560%2C1441&ssl=1","_links":{"self":[{"href":"https:\/\/koertke.de\/index.php?rest_route=\/wp\/v2\/posts\/15285"}],"collection":[{"href":"https:\/\/koertke.de\/index.php?rest_route=\/wp\/v2\/posts"}],"about":[{"href":"https:\/\/koertke.de\/index.php?rest_route=\/wp\/v2\/types\/post"}],"author":[{"embeddable":true,"href":"https:\/\/koertke.de\/index.php?rest_route=\/wp\/v2\/users\/1"}],"replies":[{"embeddable":true,"href":"https:\/\/koertke.de\/index.php?rest_route=%2Fwp%2Fv2%2Fcomments&post=15285"}],"version-history":[{"count":2,"href":"https:\/\/koertke.de\/index.php?rest_route=\/wp\/v2\/posts\/15285\/revisions"}],"predecessor-version":[{"id":15295,"href":"https:\/\/koertke.de\/index.php?rest_route=\/wp\/v2\/posts\/15285\/revisions\/15295"}],"wp:featuredmedia":[{"embeddable":true,"href":"https:\/\/koertke.de\/index.php?rest_route=\/wp\/v2\/media\/15395"}],"wp:attachment":[{"href":"https:\/\/koertke.de\/index.php?rest_route=%2Fwp%2Fv2%2Fmedia&parent=15285"}],"wp:term":[{"taxonomy":"category","embeddable":true,"href":"https:\/\/koertke.de\/index.php?rest_route=%2Fwp%2Fv2%2Fcategories&post=15285"},{"taxonomy":"post_tag","embeddable":true,"href":"https:\/\/koertke.de\/index.php?rest_route=%2Fwp%2Fv2%2Ftags&post=15285"}],"curies":[{"name":"wp","href":"https:\/\/api.w.org\/{rel}","templated":true}]}}