{"id":14212,"date":"2023-05-31T22:50:18","date_gmt":"2023-05-31T20:50:18","guid":{"rendered":"https:\/\/koertke.de\/?p=14212"},"modified":"2023-05-31T22:50:20","modified_gmt":"2023-05-31T20:50:20","slug":"4-tote-in-der-leichenhalle","status":"publish","type":"post","link":"https:\/\/koertke.de\/?p=14212","title":{"rendered":"4 Tote in der Leichenhalle"},"content":{"rendered":"\n<p>Ich glaube, ich habe das nie vergessen und es ist heute, fast 40 Jahre sp\u00e4ter, immer noch pr\u00e4sent in meinem Kopf. Lange vergessen und dennoch in einer Therapiestunde wieder ans Licht gekommen.<\/p>\n\n\n\n<p>Aber von Anfang an. Es war ein Landjugendabend, ein Kinoabend in einer Kneipe in Langenbr\u00fcgge, ich meine es war der Film Convoy.<\/p>\n\n\n\n<p>Der Film war lange beendet, die Besucher, Mitglieder der Landjugendgruppe dessen Vorsitzender ich war, waren lange schon auf dem Weg nach Hause.<\/p>\n\n\n\n<p>Wir sa\u00dfen noch ein wenig zusammen, tranken noch ein Bier auf den Erfolg des Abends.<\/p>\n\n\n\n<p>Die T\u00fcr ging auf und es stand die Polizei im Raum. Sie forderten mich auf mitzukommen. Ich f\u00fchle mich wie verhaftet, so eindringlich die Aufforderung. Draussen erz\u00e4hlten die Polizisten den Grund. Ich sollte mitkommen und 3 Leichen identifizieren.<\/p>\n\n\n<div class=\"wp-block-image\">\n<figure class=\"aligncenter size-large is-resized\"><img decoding=\"async\" loading=\"lazy\" src=\"https:\/\/i0.wp.com\/koertke.de\/wp-content\/uploads\/2023\/05\/leichenhalle-bodenteich.jpg?resize=714%2C504&#038;ssl=1\" alt=\"\" class=\"wp-image-14214\" width=\"714\" height=\"504\" srcset=\"https:\/\/i0.wp.com\/koertke.de\/wp-content\/uploads\/2023\/05\/leichenhalle-bodenteich-scaled.jpg?resize=1024%2C724&amp;ssl=1 1024w, https:\/\/i0.wp.com\/koertke.de\/wp-content\/uploads\/2023\/05\/leichenhalle-bodenteich-scaled.jpg?resize=300%2C212&amp;ssl=1 300w, https:\/\/i0.wp.com\/koertke.de\/wp-content\/uploads\/2023\/05\/leichenhalle-bodenteich-scaled.jpg?resize=768%2C543&amp;ssl=1 768w, https:\/\/i0.wp.com\/koertke.de\/wp-content\/uploads\/2023\/05\/leichenhalle-bodenteich-scaled.jpg?resize=1536%2C1086&amp;ssl=1 1536w, https:\/\/i0.wp.com\/koertke.de\/wp-content\/uploads\/2023\/05\/leichenhalle-bodenteich-scaled.jpg?resize=2048%2C1448&amp;ssl=1 2048w, https:\/\/i0.wp.com\/koertke.de\/wp-content\/uploads\/2023\/05\/leichenhalle-bodenteich-scaled.jpg?resize=100%2C70&amp;ssl=1 100w, https:\/\/i0.wp.com\/koertke.de\/wp-content\/uploads\/2023\/05\/leichenhalle-bodenteich-scaled.jpg?w=1720&amp;ssl=1 1720w\" sizes=\"(max-width: 714px) 100vw, 714px\" data-recalc-dims=\"1\" \/><\/figure><\/div>\n\n\n<p>Auf der Strasse von Langenbr\u00fcgge in Richtung Bodenteich hat es einen Unfall gegeben. Wir fuhren zur Aussegnungshalle beim Friedhof Bodenteich und gingen hinein. Eiseskalt fuhr es mir durch alle Glieder, ich konnte kaum mehr atmen, so f\u00fcrchterlich und grausam der Anblick der 3 Leichen. Ich konnte keinen Schritt mehr gehen, dennoch musste ich die Leichen anschauen. Es waren Freunde, es waren Mitglieder meiner Landjugendgruppe. Ich kannte alle, dennoch fehlte sogar noch jemand. Die dann benachrichtigte erste Mutter einer der Jugendlichen brachte Gewissheit. Der Freund eines der M\u00e4dchen fehlte, mit Feuerwehr und Polizei wurde an der Unfallstelle gesucht. Er wurde gefunden, lebend und verstarb auf dem Weg ins Krankenhaus.<\/p>\n\n\n\n<p>Ich selbst war gerade 19 oder 20 Jahre alt, zu jung um das ertragen zu k\u00f6nnen. Es gab keine Betreung, niemanden, ich wurde einfach allein gelassen und konnte lange nachts nicht schlafen. Meine Eltern nur, stell dich nicht so an, es ist passiert und der Alltag geht weiter.<\/p>\n\n\n\n<p>Der Schuldige war schnell gefunden. Ein sehr guter Freund von mir. Ich war erschlagen, mit dieser Situation konnte ich nicht zurecht kommen. Alles sprach gegen meinen Freund, alle wandten sich ab, ich auch. Ich konnte ihm nicht glauben, er beteuerter immer das ihn keine Schuld treffe, kurz vorher wurde er noch von einem weissen Golf \u00fcberholt. Niemand glaubte ihm.<\/p>\n\n\n<div class=\"wp-block-image\">\n<figure class=\"aligncenter size-full is-resized\"><img decoding=\"async\" loading=\"lazy\" src=\"https:\/\/i0.wp.com\/koertke.de\/wp-content\/uploads\/2023\/05\/unfall-in-der-nacht.jpg?resize=848%2C482&#038;ssl=1\" alt=\"\" class=\"wp-image-14215\" width=\"848\" height=\"482\" data-recalc-dims=\"1\" \/><\/figure><\/div>\n\n\n<p>Auch der Richter nicht. Mein Freund wurde verurteilt, er musste f\u00fcr einige Jahre ins Gef\u00e4ngnis.<\/p>\n\n\n\n<p>F\u00fcr mich war das alles etwas mit dem ich nicht klar gekommen bin, ich konnte es nicht verarbeiten, ich konnte es nur verdr\u00e4ngen, tief vergraben. Erst \u00fcber 30 Jahre sp\u00e4ter kam alles wieder ans Licht und ich konnte endlich alles f\u00fcr mich auf arbeiten.<\/p>\n\n\n\n<p>Mein Freund wurde entlassen, er hatte keine Freunde mehr, niemanden. Wenige Monate sp\u00e4ter nahm er sich das Leben und bekam keinen Platz auf dem Friedhof. Selbstm\u00f6rder haben dort keinen Platz, so war das eben.<\/p>\n\n\n\n<p>Bei uns gibt es den Elbe-Seiten-Kanal. Alle paar Jahre schippert ein Schiff durch diesen Kanal und scannt den Kanal nach Schrott und allem was Schiffen gef\u00e4hrlich werden k\u00f6nnte. Diese Dinge werden dann geborgen und verschrottet.<\/p>\n\n\n\n<p>Monate nach dem Freitod meines Freundes scannte dieses Schiff wieder den Kanal. Diesmal wurd im Hafen von Bodenteich ein Golf geborgen. Ein weisser Golf noch mit Nummernschildern und noch recht neues Modell.<\/p>\n\n\n\n<p>Dieser Golf wurde von der Polizei untersucht. Es konnten Spuren eines Unfalls gefunden werden. Es waren Spuren von dem Unfall in der Nacht auf der Stra\u00dfe von Langenbr\u00fcgge nach Bodenteich. Es war der weisse Golf von dem mein Freund immer behauptete das er von eben diesem Golf noch kurz vorher \u00fcberholt wurde.<\/p>\n\n\n\n<p>Mein Freund war tats\u00e4chlich unschuldig an dem Unfall. Der Unfallfahrer wurde schnell ermittelt. Welche Strafe ihn erwartete wei\u00df ich nicht, ich habe es damals dann nicht weiter verfolgt.<\/p>\n\n\n\n<p>Ich konnte mich von meinem Freund nicht verabschieden, mich nicht entschuldigen daf\u00fcr das auch ich ihn f\u00fcr den Schuldigen hielt und ihm nicht glauben konnte.<\/p>\n\n\n<div class=\"wp-block-image\">\n<figure class=\"aligncenter size-full is-resized\"><img decoding=\"async\" loading=\"lazy\" src=\"https:\/\/i0.wp.com\/koertke.de\/wp-content\/uploads\/2023\/05\/raeucherkammer.jpg?resize=699%2C522&#038;ssl=1\" alt=\"\" class=\"wp-image-14216\" width=\"699\" height=\"522\" data-recalc-dims=\"1\" \/><\/figure><\/div>\n\n\n<p>Heute ist die Erinnerung in mir immer noch da, der Abend des Unfalls immer noch pr\u00e4sent als w\u00e4re es Gestern gewesen, nach \u00fcber 40 Jahren.<\/p>\n\n\n\n<p>Ich bin gl\u00fccklich diese Zeilen schreiben zu k\u00f6nnen und auch so wieder einen kleinen Teil meines Lebens neu ordnen kann.<\/p>\n\n\n","protected":false},"excerpt":{"rendered":"<p>Ich glaube, ich habe das nie vergessen und es ist heute, fast 40 Jahre sp\u00e4ter, immer noch pr\u00e4sent in meinem Kopf. Lange vergessen und dennoch [&#8230;]<\/p>\n","protected":false},"author":1,"featured_media":14217,"comment_status":"open","ping_status":"closed","sticky":false,"template":"","format":"standard","meta":{"footnotes":""},"categories":[1],"tags":[],"jetpack_sharing_enabled":true,"jetpack_featured_media_url":"https:\/\/i0.wp.com\/koertke.de\/wp-content\/uploads\/2023\/05\/2018-10-26-21.02.38-e1685566103176.jpg?fit=1280%2C633&ssl=1","_links":{"self":[{"href":"https:\/\/koertke.de\/index.php?rest_route=\/wp\/v2\/posts\/14212"}],"collection":[{"href":"https:\/\/koertke.de\/index.php?rest_route=\/wp\/v2\/posts"}],"about":[{"href":"https:\/\/koertke.de\/index.php?rest_route=\/wp\/v2\/types\/post"}],"author":[{"embeddable":true,"href":"https:\/\/koertke.de\/index.php?rest_route=\/wp\/v2\/users\/1"}],"replies":[{"embeddable":true,"href":"https:\/\/koertke.de\/index.php?rest_route=%2Fwp%2Fv2%2Fcomments&post=14212"}],"version-history":[{"count":2,"href":"https:\/\/koertke.de\/index.php?rest_route=\/wp\/v2\/posts\/14212\/revisions"}],"predecessor-version":[{"id":14219,"href":"https:\/\/koertke.de\/index.php?rest_route=\/wp\/v2\/posts\/14212\/revisions\/14219"}],"wp:featuredmedia":[{"embeddable":true,"href":"https:\/\/koertke.de\/index.php?rest_route=\/wp\/v2\/media\/14217"}],"wp:attachment":[{"href":"https:\/\/koertke.de\/index.php?rest_route=%2Fwp%2Fv2%2Fmedia&parent=14212"}],"wp:term":[{"taxonomy":"category","embeddable":true,"href":"https:\/\/koertke.de\/index.php?rest_route=%2Fwp%2Fv2%2Fcategories&post=14212"},{"taxonomy":"post_tag","embeddable":true,"href":"https:\/\/koertke.de\/index.php?rest_route=%2Fwp%2Fv2%2Ftags&post=14212"}],"curies":[{"name":"wp","href":"https:\/\/api.w.org\/{rel}","templated":true}]}}