{"id":13941,"date":"2022-09-01T22:18:13","date_gmt":"2022-09-01T20:18:13","guid":{"rendered":"https:\/\/koertke.de\/?p=13941"},"modified":"2022-09-02T13:14:37","modified_gmt":"2022-09-02T11:14:37","slug":"helios-krankenhaus-uelzen","status":"publish","type":"post","link":"https:\/\/koertke.de\/?p=13941","title":{"rendered":"Helios Krankenhaus Uelzen"},"content":{"rendered":"\n<figure class=\"wp-block-image size-large is-resized\"><img decoding=\"async\" loading=\"lazy\" src=\"https:\/\/i0.wp.com\/koertke.de\/wp-content\/uploads\/2022\/09\/20220828_093004.jpg?resize=580%2C326&#038;ssl=1\" alt=\"\" class=\"wp-image-13943\" width=\"580\" height=\"326\" srcset=\"https:\/\/i0.wp.com\/koertke.de\/wp-content\/uploads\/2022\/09\/20220828_093004.jpg?resize=1024%2C576&amp;ssl=1 1024w, https:\/\/i0.wp.com\/koertke.de\/wp-content\/uploads\/2022\/09\/20220828_093004.jpg?resize=300%2C169&amp;ssl=1 300w, https:\/\/i0.wp.com\/koertke.de\/wp-content\/uploads\/2022\/09\/20220828_093004.jpg?resize=768%2C432&amp;ssl=1 768w, https:\/\/i0.wp.com\/koertke.de\/wp-content\/uploads\/2022\/09\/20220828_093004.jpg?w=1434&amp;ssl=1 1434w\" sizes=\"(max-width: 580px) 100vw, 580px\" data-recalc-dims=\"1\" \/><figcaption>Krankenzimmer Helios Uelzen<\/figcaption><\/figure>\n\n\n\n<p>Ich wei\u00df, ich rufe jedes mal hier, wenn eine Krankheit zu vergeben ist. So jetzt auch zum Wochenende Ende August. Mit Rettungswagen ab in die Notaufnahme, extreme R\u00fcckenprobleme, dazu Atemnot. Nun verbringe ich jetzt schon 6 Tage in der Helios Klinik. Sogar recht gut, mit viel Spa\u00df und angenehmer Atmosph\u00e4re. Bist heute, 19:50 Uhr 1.9.2022<\/p>\n\n\n\n<p><strong>Schocknachricht, Herr K\u00f6rtke, sie sind Corona Positiv!<\/strong><\/p>\n\n\n\n<p>Nun, ich bin von der Notaufnahme direkt auf das Zimmer, mit Zwischenstation auf der Zwischen Intensive. Heute morgen gab es die CT-Spritze in die Wirbels\u00e4ule, ich konnte auf der Station wieder laufen, sogar recht gut. Heute Abend verbringe ich meine Zeit auf Qurant\u00e4ne Station.<\/p>\n\n\n\n<p>Die Stimmung ist im Keller, in Windeseile geht\u00b4s los, Klamotten zusammen packen und ab. Nun ist mein Nachttisch voll und der soll extra geschoben werden, kommt aber nicht an Land. Also einmal klingeln, schon wird gemault und beim verlassen meiner Bude h\u00f6re ich nur: Den m\u00fcssen wir uns noch erziehen. Naja, mein Konter kam sogleich.<\/p>\n\n\n\n<p>Es ist erstaunlich wie es 2 junge M\u00e4dchen schaffen, den guten Eindruck des Hauses in wenigen Minuten zunichte zu machen.<\/p>\n\n\n\n<p>Schon habe ich eine Laune, die es schaffen kann eine gel\u00f6ste und lockere Stimmung ins Gegenteil zu bringen. Die beiden werden es mit mir doch schwerer haben und der miese Ruf des Krankenhauses findet seine Best\u00e4tigung.<\/p>\n\n\n\n<p>Zum Gl\u00fcck ist die gro\u00dfe Mehrzahl der Mitarbeiter doch in freundlicher Stimmung und so hoffe ich, das diese Mitarbeiter diese beiden miesepetrigen mitnehmen und zeigen, wie der Umgang mit Patienten auch funktionieren kann.<\/p>\n\n\n\n<p>Nachtrag vom folgenden Tag.<\/p>\n\n\n\n<figure class=\"wp-block-image size-large is-resized\"><img decoding=\"async\" loading=\"lazy\" src=\"https:\/\/i0.wp.com\/koertke.de\/wp-content\/uploads\/2022\/09\/sunset-110305_1920.jpg?resize=569%2C367&#038;ssl=1\" alt=\"\" class=\"wp-image-13946\" width=\"569\" height=\"367\" srcset=\"https:\/\/i0.wp.com\/koertke.de\/wp-content\/uploads\/2022\/09\/sunset-110305_1920.jpg?resize=1024%2C660&amp;ssl=1 1024w, https:\/\/i0.wp.com\/koertke.de\/wp-content\/uploads\/2022\/09\/sunset-110305_1920.jpg?resize=300%2C193&amp;ssl=1 300w, https:\/\/i0.wp.com\/koertke.de\/wp-content\/uploads\/2022\/09\/sunset-110305_1920.jpg?resize=768%2C495&amp;ssl=1 768w, https:\/\/i0.wp.com\/koertke.de\/wp-content\/uploads\/2022\/09\/sunset-110305_1920.jpg?resize=1536%2C990&amp;ssl=1 1536w, https:\/\/i0.wp.com\/koertke.de\/wp-content\/uploads\/2022\/09\/sunset-110305_1920.jpg?w=1920&amp;ssl=1 1920w, https:\/\/i0.wp.com\/koertke.de\/wp-content\/uploads\/2022\/09\/sunset-110305_1920.jpg?w=1720&amp;ssl=1 1720w\" sizes=\"(max-width: 569px) 100vw, 569px\" data-recalc-dims=\"1\" \/><figcaption>Sonne ist das Leben<\/figcaption><\/figure>\n\n\n\n<p>Alles ist menschlich, gro\u00dfes Lob an das Haus und insbesondere an die Stationsleitung. Gab heute fr\u00fch gleich ein kl\u00e4rendes Gespr\u00e4ch, indem ich mich zur\u00fcck nehmen konnte und nun freue ich mich auf ein Gespr\u00e4ch am Nachmittag. Es ist nicht leicht, erst die Diagnose Corona, dann umziehen auf die Isolierstation, nichts l\u00e4uft, nur mein Stresspegel steigt enorm.<br>Deswegen muss ich mir aber nicht gefallen lassen was so in meine Richtung geschossen wird. Aber nun ist alles gut und ich hoffe es bleibt heute noch so, denn morgen soll ich entlassen werden trotz Corona, wobei es wohl so aussieht das da nichts ist. denn ich bin 3x geimpft + genesen aber nix von mitbekommen und auch niemanden angesteckt, denn bei meinem Pflegedienst ist die t\u00e4gliche Testung Pflicht.<\/p>\n\n\n\n<p>Also, auf gehts in ein hoffentlich sonniges Wochenende.<\/p>\n\n\n\n<p><strong>Nachtrag: 2.9.2022 12:45 Uhr, Corona NEGATIV<\/strong><br>Also alles nur heisse Luft<\/p>\n","protected":false},"excerpt":{"rendered":"<p>Ich wei\u00df, ich rufe jedes mal hier, wenn eine Krankheit zu vergeben ist. So jetzt auch zum Wochenende Ende August. Mit Rettungswagen ab in die [&#8230;]<\/p>\n","protected":false},"author":1,"featured_media":13948,"comment_status":"closed","ping_status":"closed","sticky":false,"template":"","format":"standard","meta":{"footnotes":""},"categories":[1],"tags":[],"jetpack_sharing_enabled":true,"jetpack_featured_media_url":"https:\/\/i0.wp.com\/koertke.de\/wp-content\/uploads\/2022\/09\/Sonnenuntergang-scaled.jpg?fit=2560%2C1810&ssl=1","_links":{"self":[{"href":"https:\/\/koertke.de\/index.php?rest_route=\/wp\/v2\/posts\/13941"}],"collection":[{"href":"https:\/\/koertke.de\/index.php?rest_route=\/wp\/v2\/posts"}],"about":[{"href":"https:\/\/koertke.de\/index.php?rest_route=\/wp\/v2\/types\/post"}],"author":[{"embeddable":true,"href":"https:\/\/koertke.de\/index.php?rest_route=\/wp\/v2\/users\/1"}],"replies":[{"embeddable":true,"href":"https:\/\/koertke.de\/index.php?rest_route=%2Fwp%2Fv2%2Fcomments&post=13941"}],"version-history":[{"count":5,"href":"https:\/\/koertke.de\/index.php?rest_route=\/wp\/v2\/posts\/13941\/revisions"}],"predecessor-version":[{"id":13952,"href":"https:\/\/koertke.de\/index.php?rest_route=\/wp\/v2\/posts\/13941\/revisions\/13952"}],"wp:featuredmedia":[{"embeddable":true,"href":"https:\/\/koertke.de\/index.php?rest_route=\/wp\/v2\/media\/13948"}],"wp:attachment":[{"href":"https:\/\/koertke.de\/index.php?rest_route=%2Fwp%2Fv2%2Fmedia&parent=13941"}],"wp:term":[{"taxonomy":"category","embeddable":true,"href":"https:\/\/koertke.de\/index.php?rest_route=%2Fwp%2Fv2%2Fcategories&post=13941"},{"taxonomy":"post_tag","embeddable":true,"href":"https:\/\/koertke.de\/index.php?rest_route=%2Fwp%2Fv2%2Ftags&post=13941"}],"curies":[{"name":"wp","href":"https:\/\/api.w.org\/{rel}","templated":true}]}}